{"id":2874,"date":"2020-06-09T15:27:55","date_gmt":"2020-06-09T14:27:55","guid":{"rendered":"https:\/\/www.buceonorte.com\/?p=2874"},"modified":"2020-07-06T11:51:34","modified_gmt":"2020-07-06T10:51:34","slug":"playa-de-sardina-bandera-azul","status":"publish","type":"post","link":"https:\/\/www.buceonorte.com\/en\/sardine-beach-blue-flag\/","title":{"rendered":"Our Sardina Beach renews its Blue Flag"},"content":{"rendered":"<h2>Sardina Beach in G\u00e1ldar has been awarded the Blue Flag for 4 consecutive years<\/h2>\n<p>We are very proud of our beach. And although we are in the process of renovation and exterior improvements, Sardina Beach and its crystal-clear waters continue to be that magical little spot where you can enjoy the ocean.<\/p>\n<p>The renowned and international Blue Flag award has been flying on Sardina beach since 2017 and has been renewed every year since then. This is undoubtedly the result of an institutional effort, of all users, bathers and above all of those who live here.<\/p>\n<p>Another year that we will continue to be delighted <a href=\"https:\/\/www.buceonorte.com\/en\/diving-gran-canaria\/\">show you the wonders of our underwater world<\/a> and share those good times together on Sardina Beach.<\/p>\n<p>&nbsp;<\/p>\n<p><img loading=\"lazy\" decoding=\"async\" class=\"alignnone size-large wp-image-2478\" src=\"https:\/\/www.buceonorte.com\/website\/wp-content\/uploads\/buceo-gran-canaria-10-1024x536.jpg\" alt=\"diving in gran canaria sardine\" width=\"1024\" height=\"536\" srcset=\"https:\/\/www.buceonorte.com\/website\/wp-content\/uploads\/buceo-gran-canaria-10-1024x536.jpg 1024w, https:\/\/www.buceonorte.com\/website\/wp-content\/uploads\/buceo-gran-canaria-10-300x157.jpg 300w, https:\/\/www.buceonorte.com\/website\/wp-content\/uploads\/buceo-gran-canaria-10-150x79.jpg 150w, https:\/\/www.buceonorte.com\/website\/wp-content\/uploads\/buceo-gran-canaria-10-768x402.jpg 768w, https:\/\/www.buceonorte.com\/website\/wp-content\/uploads\/buceo-gran-canaria-10.jpg 1201w\" sizes=\"auto, (max-width: 1024px) 100vw, 1024px\" \/><\/p>\n<h2>Blue Flags in Gran Canaria 2020<\/h2>\n<p>In 2020 you will be able to enjoy 15 magnificent beaches with total safety spread throughout the coast of Gran Canaria.<\/p>\n<table>\n<tbody>\n<tr>\n<td><span style=\"color: #333333;\"><strong>Sardine<\/strong><\/span><\/td>\n<td><span style=\"color: #333333;\"><strong>Galdar<\/strong><\/span><\/td>\n<\/tr>\n<tr>\n<td><span style=\"color: #333333;\">The Puertillo<\/span><\/td>\n<td><span style=\"color: #333333;\">Arucas<\/span><\/td>\n<\/tr>\n<tr>\n<td><span style=\"color: #333333;\">The Charcones<\/span><\/td>\n<td><span style=\"color: #333333;\">Arucas<\/span><\/td>\n<\/tr>\n<tr>\n<td><span style=\"color: #333333;\">The Quarries<\/span><\/td>\n<td><span style=\"color: #333333;\">Las Palmas de Gran Canaria<\/span><\/td>\n<\/tr>\n<tr>\n<td><span style=\"color: #333333;\">The sentry box<\/span><\/td>\n<td><span style=\"color: #333333;\">Telde<\/span><\/td>\n<\/tr>\n<tr>\n<td><span style=\"color: #333333;\">Well Basin<\/span><\/td>\n<td><span style=\"color: #333333;\">Telde<\/span><\/td>\n<\/tr>\n<tr>\n<td><span style=\"color: #333333;\">Mane<\/span><\/td>\n<td><span style=\"color: #333333;\">Telde<\/span><\/td>\n<\/tr>\n<tr>\n<td><span style=\"color: #333333;\">Salinetas<\/span><\/td>\n<td><span style=\"color: #333333;\">Telde<\/span><\/td>\n<\/tr>\n<tr>\n<td><span style=\"color: #333333;\">The Burrero<\/span><\/td>\n<td><span style=\"color: #333333;\">Wit<\/span><\/td>\n<\/tr>\n<tr>\n<td><span style=\"color: #333333;\">Arinaga<\/span><\/td>\n<td><span style=\"color: #333333;\">Ag\u00fcimes<\/span><\/td>\n<\/tr>\n<tr>\n<td><span style=\"color: #333333;\">Saint Augustine<\/span><\/td>\n<td><span style=\"color: #333333;\">St. Bartholomew of Tirajana<\/span><\/td>\n<\/tr>\n<tr>\n<td><span style=\"color: #333333;\">The English<\/span><\/td>\n<td><span style=\"color: #333333;\">St. Bartholomew of Tirajana<\/span><\/td>\n<\/tr>\n<tr>\n<td><span style=\"color: #333333;\">Maspalomas<\/span><\/td>\n<td><span style=\"color: #333333;\">St. Bartholomew of Tirajana<\/span><\/td>\n<\/tr>\n<tr>\n<td><span style=\"color: #333333;\">Melon trees<\/span><\/td>\n<td><span style=\"color: #333333;\">St. Bartholomew of Tirajana<\/span><\/td>\n<\/tr>\n<tr>\n<td><span style=\"color: #333333;\">The Snows<\/span><\/td>\n<td><span style=\"color: #333333;\">Agaete<\/span><\/td>\n<\/tr>\n<\/tbody>\n<\/table>\n<p>&nbsp;<\/p>\n<p>&nbsp;<\/p>\n<p><img loading=\"lazy\" decoding=\"async\" class=\"alignnone size-large wp-image-2881\" src=\"https:\/\/www.buceonorte.com\/website\/wp-content\/uploads\/la-bandera-azul-un-indicador-de-calidad-1024x576.jpg\" alt=\"Sardina Beach Blue Flag\" width=\"1024\" height=\"576\" srcset=\"https:\/\/www.buceonorte.com\/website\/wp-content\/uploads\/la-bandera-azul-un-indicador-de-calidad-1024x576.jpg 1024w, https:\/\/www.buceonorte.com\/website\/wp-content\/uploads\/la-bandera-azul-un-indicador-de-calidad-300x169.jpg 300w, https:\/\/www.buceonorte.com\/website\/wp-content\/uploads\/la-bandera-azul-un-indicador-de-calidad-150x84.jpg 150w, https:\/\/www.buceonorte.com\/website\/wp-content\/uploads\/la-bandera-azul-un-indicador-de-calidad-768x432.jpg 768w, https:\/\/www.buceonorte.com\/website\/wp-content\/uploads\/la-bandera-azul-un-indicador-de-calidad-1536x864.jpg 1536w, https:\/\/www.buceonorte.com\/website\/wp-content\/uploads\/la-bandera-azul-un-indicador-de-calidad.jpg 1600w\" sizes=\"auto, (max-width: 1024px) 100vw, 1024px\" \/><\/p>\n<h2>What is the Blue Flag<\/h2>\n<p>The Blue Flag is a distinctive or award given every year since 1985 to beaches and ports that meet the requirements and criteria imposed by the European Foundation for Environmental Education.<\/p>\n<p>The Blue Flag has become the most recognisable and recognised symbol for millions of beach and port users in almost fifty countries, as well as a global standard for eco-quality tourism, preceding and inspiring other initiatives for certifying the quality of beaches and ports.<\/p>\n<p>&nbsp;<\/p>\n<p><img loading=\"lazy\" decoding=\"async\" class=\"alignnone size-full wp-image-2885\" src=\"https:\/\/www.buceonorte.com\/website\/wp-content\/uploads\/bandera-azul.jpg\" alt=\"gran canaria blue flag beaches\" width=\"1000\" height=\"600\" srcset=\"https:\/\/www.buceonorte.com\/website\/wp-content\/uploads\/bandera-azul.jpg 1000w, https:\/\/www.buceonorte.com\/website\/wp-content\/uploads\/bandera-azul-300x180.jpg 300w, https:\/\/www.buceonorte.com\/website\/wp-content\/uploads\/bandera-azul-150x90.jpg 150w, https:\/\/www.buceonorte.com\/website\/wp-content\/uploads\/bandera-azul-768x461.jpg 768w\" sizes=\"auto, (max-width: 1000px) 100vw, 1000px\" \/><\/p>\n<h2>What criteria must the Blue Flag meet?<\/h2>\n<p>Its aim is to distinguish the most environmentally friendly beaches without neglecting the safety and comfort of users. The fundamental criteria are divided into four main blocks:<\/p>\n<h3>Environmental Information and Education<\/h3>\n<p>There must be panels on Blue Flag beaches with information about the beach, coastal ecosystems and, where appropriate, nearby protected natural areas, together with a code of conduct for these areas.<\/p>\n<p>The municipality must organize at least five environmental education activities per year.<\/p>\n<p>On a voluntary and complementary basis, Blue Flag promotes and coordinates Blue Trails and Blue Centers.<\/p>\n<h3>Water Quality<\/h3>\n<p>The quality of bathing water at the beach during the previous bathing season must be excellent at all sampling points, in accordance with the Bathing Water Quality Directive. A number of periodic water samples must be officially taken to determine this quality.<\/p>\n<p>Additionally, it must comply with the Urban Waste Water Treatment Directive.<\/p>\n<h3>Environmental Management<\/h3>\n<p>The beach must comply with environmental legislation, especially the Coastal Law, and must be clean and have adequate waste management, including selective collection of containers, paper, glass, etc.<\/p>\n<p>The beach must have public toilets. Urban beaches and\/or at least one of the Blue Flag beaches in the municipality must have a toilet adapted for people with disabilities.<\/p>\n<h3>Security and Services<\/h3>\n<p>Beaches must have easy and safe access. In addition, urban beaches must be accessible to people with disabilities.<\/p>\n<p>There must be a first aid team, as well as adequate human and material resources for lifeguards.<\/p>\n<p>&nbsp;<\/p>\n<p><a href=\"http:\/\/www.banderaazul.org\/\">Visit Official Blue Flag Website<\/a><\/p>","protected":false},"excerpt":{"rendered":"<p>Ya son 4 los a\u00f1os consecutivos que la Playa de Sardina, en G\u00e1ldar, presume de Bandera Azul Estamos muy orgullosos de nuestra playa. Y aunque estamos en pleno proceso de renovaci\u00f3n y mejoras exteriores, la Playa de Sardina y sus aguas cristalinas siguen siendo ese rinconcito m\u00e1gico donde disfrutar del&#8230;<\/p>","protected":false},"author":1,"featured_media":2881,"comment_status":"open","ping_status":"open","sticky":false,"template":"","format":"standard","meta":{"content-type":"","footnotes":""},"categories":[27],"tags":[49,32,46],"class_list":{"0":"post-2874","1":"post","2":"type-post","3":"status-publish","4":"format-standard","5":"has-post-thumbnail","7":"category-ecologia","8":"tag-bandera-azul","9":"tag-buceo-consciente","10":"tag-sardina"},"yoast_head":"<!-- This site is optimized with the Yoast SEO plugin v23.4 - https:\/\/yoast.com\/wordpress\/plugins\/seo\/ -->\n<title>Playa de Sardina Bandera Azul &#8226; Buceo Norte Gran Canaria<\/title>\n<meta name=\"description\" content=\"La Bandera Azul ondea en la playa de Sardina desde 2017 y desde entonces ha logrado renovarlo cada a\u00f1o. Encantados de ense\u00f1arte bucear en Sardina.\" \/>\n<meta name=\"robots\" content=\"index, follow, max-snippet:-1, max-image-preview:large, max-video-preview:-1\" \/>\n<link rel=\"canonical\" href=\"https:\/\/www.buceonorte.com\/en\/sardine-beach-blue-flag\/\" \/>\n<meta property=\"og:locale\" content=\"en_US\" \/>\n<meta property=\"og:type\" content=\"article\" \/>\n<meta property=\"og:title\" content=\"La Playa de Sardina renueva Bandera Azul 2020\" \/>\n<meta property=\"og:description\" content=\"Seguiremos encantados de ense\u00f1arte las maravillas de nuestros fondos submarinos\" \/>\n<meta property=\"og:url\" content=\"https:\/\/www.buceonorte.com\/en\/sardine-beach-blue-flag\/\" \/>\n<meta property=\"og:site_name\" content=\"Buceo Norte Gran Canaria\" \/>\n<meta property=\"article:publisher\" content=\"https:\/\/www.facebook.com\/buceonorte\/\" \/>\n<meta property=\"article:published_time\" content=\"2020-06-09T14:27:55+00:00\" \/>\n<meta property=\"article:modified_time\" content=\"2020-07-06T10:51:34+00:00\" \/>\n<meta property=\"og:image\" content=\"https:\/\/www.buceonorte.com\/website\/wp-content\/uploads\/buceo-gran-canaria-10.jpg\" \/>\n\t<meta property=\"og:image:width\" content=\"1201\" \/>\n\t<meta property=\"og:image:height\" content=\"629\" \/>\n\t<meta property=\"og:image:type\" content=\"image\/jpeg\" \/>\n<meta name=\"author\" content=\"buceo\" \/>\n<meta name=\"twitter:card\" content=\"summary_large_image\" \/>\n<meta name=\"twitter:label1\" content=\"Written by\" \/>\n\t<meta name=\"twitter:data1\" content=\"buceo\" \/>\n\t<meta name=\"twitter:label2\" content=\"Est. reading time\" \/>\n\t<meta name=\"twitter:data2\" content=\"3 minutes\" \/>\n<script type=\"application\/ld+json\" class=\"yoast-schema-graph\">{\"@context\":\"https:\/\/schema.org\",\"@graph\":[{\"@type\":\"Article\",\"@id\":\"https:\/\/www.buceonorte.com\/playa-de-sardina-bandera-azul\/#article\",\"isPartOf\":{\"@id\":\"https:\/\/www.buceonorte.com\/playa-de-sardina-bandera-azul\/\"},\"author\":{\"name\":\"buceo\",\"@id\":\"https:\/\/www.buceonorte.com\/#\/schema\/person\/3b89c37c961e732f983158cf490ea6f0\"},\"headline\":\"Nuestra Playa de Sardina renueva Bandera Azul\",\"datePublished\":\"2020-06-09T14:27:55+00:00\",\"dateModified\":\"2020-07-06T10:51:34+00:00\",\"mainEntityOfPage\":{\"@id\":\"https:\/\/www.buceonorte.com\/playa-de-sardina-bandera-azul\/\"},\"wordCount\":632,\"commentCount\":0,\"publisher\":{\"@id\":\"https:\/\/www.buceonorte.com\/#organization\"},\"image\":{\"@id\":\"https:\/\/www.buceonorte.com\/playa-de-sardina-bandera-azul\/#primaryimage\"},\"thumbnailUrl\":\"https:\/\/www.buceonorte.com\/website\/wp-content\/uploads\/la-bandera-azul-un-indicador-de-calidad.jpg\",\"keywords\":[\"bandera azul\",\"buceo consciente\",\"sardina\"],\"articleSection\":[\"ecologia\"],\"inLanguage\":\"en-US\",\"potentialAction\":[{\"@type\":\"CommentAction\",\"name\":\"Comment\",\"target\":[\"https:\/\/www.buceonorte.com\/playa-de-sardina-bandera-azul\/#respond\"]}]},{\"@type\":\"WebPage\",\"@id\":\"https:\/\/www.buceonorte.com\/playa-de-sardina-bandera-azul\/\",\"url\":\"https:\/\/www.buceonorte.com\/playa-de-sardina-bandera-azul\/\",\"name\":\"Playa de Sardina Bandera Azul &#8226; Buceo Norte Gran Canaria\",\"isPartOf\":{\"@id\":\"https:\/\/www.buceonorte.com\/#website\"},\"primaryImageOfPage\":{\"@id\":\"https:\/\/www.buceonorte.com\/playa-de-sardina-bandera-azul\/#primaryimage\"},\"image\":{\"@id\":\"https:\/\/www.buceonorte.com\/playa-de-sardina-bandera-azul\/#primaryimage\"},\"thumbnailUrl\":\"https:\/\/www.buceonorte.com\/website\/wp-content\/uploads\/la-bandera-azul-un-indicador-de-calidad.jpg\",\"datePublished\":\"2020-06-09T14:27:55+00:00\",\"dateModified\":\"2020-07-06T10:51:34+00:00\",\"description\":\"La Bandera Azul ondea en la playa de Sardina desde 2017 y desde entonces ha logrado renovarlo cada a\u00f1o. Encantados de ense\u00f1arte bucear en Sardina.\",\"breadcrumb\":{\"@id\":\"https:\/\/www.buceonorte.com\/playa-de-sardina-bandera-azul\/#breadcrumb\"},\"inLanguage\":\"en-US\",\"potentialAction\":[{\"@type\":\"ReadAction\",\"target\":[\"https:\/\/www.buceonorte.com\/playa-de-sardina-bandera-azul\/\"]}]},{\"@type\":\"ImageObject\",\"inLanguage\":\"en-US\",\"@id\":\"https:\/\/www.buceonorte.com\/playa-de-sardina-bandera-azul\/#primaryimage\",\"url\":\"https:\/\/www.buceonorte.com\/website\/wp-content\/uploads\/la-bandera-azul-un-indicador-de-calidad.jpg\",\"contentUrl\":\"https:\/\/www.buceonorte.com\/website\/wp-content\/uploads\/la-bandera-azul-un-indicador-de-calidad.jpg\",\"width\":1600,\"height\":900,\"caption\":\"Playa de Sardina Bandera Azul\"},{\"@type\":\"BreadcrumbList\",\"@id\":\"https:\/\/www.buceonorte.com\/playa-de-sardina-bandera-azul\/#breadcrumb\",\"itemListElement\":[{\"@type\":\"ListItem\",\"position\":1,\"name\":\"Portada\",\"item\":\"https:\/\/www.buceonorte.com\/\"},{\"@type\":\"ListItem\",\"position\":2,\"name\":\"Nuestra Playa de Sardina renueva Bandera Azul\"}]},{\"@type\":\"WebSite\",\"@id\":\"https:\/\/www.buceonorte.com\/#website\",\"url\":\"https:\/\/www.buceonorte.com\/\",\"name\":\"Buceo Norte Gran Canaria\",\"description\":\"El mejor centro de buceo en Gran Canaria\",\"publisher\":{\"@id\":\"https:\/\/www.buceonorte.com\/#organization\"},\"alternateName\":\"Buceo Norte\",\"potentialAction\":[{\"@type\":\"SearchAction\",\"target\":{\"@type\":\"EntryPoint\",\"urlTemplate\":\"https:\/\/www.buceonorte.com\/?s={search_term_string}\"},\"query-input\":{\"@type\":\"PropertyValueSpecification\",\"valueRequired\":true,\"valueName\":\"search_term_string\"}}],\"inLanguage\":\"en-US\"},{\"@type\":\"Organization\",\"@id\":\"https:\/\/www.buceonorte.com\/#organization\",\"name\":\"Buceo Norte Gran Canaria\",\"alternateName\":\"Buceo Norte\",\"url\":\"https:\/\/www.buceonorte.com\/\",\"logo\":{\"@type\":\"ImageObject\",\"inLanguage\":\"en-US\",\"@id\":\"https:\/\/www.buceonorte.com\/#\/schema\/logo\/image\/\",\"url\":\"https:\/\/www.buceonorte.com\/website\/wp-content\/uploads\/buceo_norte_ssi_scuba.png\",\"contentUrl\":\"https:\/\/www.buceonorte.com\/website\/wp-content\/uploads\/buceo_norte_ssi_scuba.png\",\"width\":400,\"height\":107,\"caption\":\"Buceo Norte Gran Canaria\"},\"image\":{\"@id\":\"https:\/\/www.buceonorte.com\/#\/schema\/logo\/image\/\"},\"sameAs\":[\"https:\/\/www.facebook.com\/buceonorte\/\",\"https:\/\/www.instagram.com\/buceonortedivecenter\",\"https:\/\/www.youtube.com\/channel\/UCznPuPsOsiSeLPbdX-vAxXw\"]},{\"@type\":\"Person\",\"@id\":\"https:\/\/www.buceonorte.com\/#\/schema\/person\/3b89c37c961e732f983158cf490ea6f0\",\"name\":\"buceo\"}]}<\/script>\n<!-- \/ Yoast SEO plugin. -->","yoast_head_json":{"title":"Playa de Sardina Bandera Azul &#8226; Buceo Norte Gran Canaria","description":"La Bandera Azul ondea en la playa de Sardina desde 2017 y desde entonces ha logrado renovarlo cada a\u00f1o. Encantados de ense\u00f1arte bucear en Sardina.","robots":{"index":"index","follow":"follow","max-snippet":"max-snippet:-1","max-image-preview":"max-image-preview:large","max-video-preview":"max-video-preview:-1"},"canonical":"https:\/\/www.buceonorte.com\/en\/sardine-beach-blue-flag\/","og_locale":"en_US","og_type":"article","og_title":"La Playa de Sardina renueva Bandera Azul 2020","og_description":"Seguiremos encantados de ense\u00f1arte las maravillas de nuestros fondos submarinos","og_url":"https:\/\/www.buceonorte.com\/en\/sardine-beach-blue-flag\/","og_site_name":"Buceo Norte Gran Canaria","article_publisher":"https:\/\/www.facebook.com\/buceonorte\/","article_published_time":"2020-06-09T14:27:55+00:00","article_modified_time":"2020-07-06T10:51:34+00:00","og_image":[{"width":1201,"height":629,"url":"https:\/\/www.buceonorte.com\/website\/wp-content\/uploads\/buceo-gran-canaria-10.jpg","type":"image\/jpeg"}],"author":"buceo","twitter_card":"summary_large_image","twitter_misc":{"Written by":"buceo","Est. reading time":"3 minutes"},"schema":{"@context":"https:\/\/schema.org","@graph":[{"@type":"Article","@id":"https:\/\/www.buceonorte.com\/playa-de-sardina-bandera-azul\/#article","isPartOf":{"@id":"https:\/\/www.buceonorte.com\/playa-de-sardina-bandera-azul\/"},"author":{"name":"buceo","@id":"https:\/\/www.buceonorte.com\/#\/schema\/person\/3b89c37c961e732f983158cf490ea6f0"},"headline":"Nuestra Playa de Sardina renueva Bandera Azul","datePublished":"2020-06-09T14:27:55+00:00","dateModified":"2020-07-06T10:51:34+00:00","mainEntityOfPage":{"@id":"https:\/\/www.buceonorte.com\/playa-de-sardina-bandera-azul\/"},"wordCount":632,"commentCount":0,"publisher":{"@id":"https:\/\/www.buceonorte.com\/#organization"},"image":{"@id":"https:\/\/www.buceonorte.com\/playa-de-sardina-bandera-azul\/#primaryimage"},"thumbnailUrl":"https:\/\/www.buceonorte.com\/website\/wp-content\/uploads\/la-bandera-azul-un-indicador-de-calidad.jpg","keywords":["bandera azul","buceo consciente","sardina"],"articleSection":["ecologia"],"inLanguage":"en-US","potentialAction":[{"@type":"CommentAction","name":"Comment","target":["https:\/\/www.buceonorte.com\/playa-de-sardina-bandera-azul\/#respond"]}]},{"@type":"WebPage","@id":"https:\/\/www.buceonorte.com\/playa-de-sardina-bandera-azul\/","url":"https:\/\/www.buceonorte.com\/playa-de-sardina-bandera-azul\/","name":"Playa de Sardina Bandera Azul &#8226; Buceo Norte Gran Canaria","isPartOf":{"@id":"https:\/\/www.buceonorte.com\/#website"},"primaryImageOfPage":{"@id":"https:\/\/www.buceonorte.com\/playa-de-sardina-bandera-azul\/#primaryimage"},"image":{"@id":"https:\/\/www.buceonorte.com\/playa-de-sardina-bandera-azul\/#primaryimage"},"thumbnailUrl":"https:\/\/www.buceonorte.com\/website\/wp-content\/uploads\/la-bandera-azul-un-indicador-de-calidad.jpg","datePublished":"2020-06-09T14:27:55+00:00","dateModified":"2020-07-06T10:51:34+00:00","description":"La Bandera Azul ondea en la playa de Sardina desde 2017 y desde entonces ha logrado renovarlo cada a\u00f1o. Encantados de ense\u00f1arte bucear en Sardina.","breadcrumb":{"@id":"https:\/\/www.buceonorte.com\/playa-de-sardina-bandera-azul\/#breadcrumb"},"inLanguage":"en-US","potentialAction":[{"@type":"ReadAction","target":["https:\/\/www.buceonorte.com\/playa-de-sardina-bandera-azul\/"]}]},{"@type":"ImageObject","inLanguage":"en-US","@id":"https:\/\/www.buceonorte.com\/playa-de-sardina-bandera-azul\/#primaryimage","url":"https:\/\/www.buceonorte.com\/website\/wp-content\/uploads\/la-bandera-azul-un-indicador-de-calidad.jpg","contentUrl":"https:\/\/www.buceonorte.com\/website\/wp-content\/uploads\/la-bandera-azul-un-indicador-de-calidad.jpg","width":1600,"height":900,"caption":"Playa de Sardina Bandera Azul"},{"@type":"BreadcrumbList","@id":"https:\/\/www.buceonorte.com\/playa-de-sardina-bandera-azul\/#breadcrumb","itemListElement":[{"@type":"ListItem","position":1,"name":"Portada","item":"https:\/\/www.buceonorte.com\/"},{"@type":"ListItem","position":2,"name":"Nuestra Playa de Sardina renueva Bandera Azul"}]},{"@type":"WebSite","@id":"https:\/\/www.buceonorte.com\/#website","url":"https:\/\/www.buceonorte.com\/","name":"Buceo Norte Gran Canaria","description":"El mejor centro de buceo en Gran Canaria","publisher":{"@id":"https:\/\/www.buceonorte.com\/#organization"},"alternateName":"Buceo Norte","potentialAction":[{"@type":"SearchAction","target":{"@type":"EntryPoint","urlTemplate":"https:\/\/www.buceonorte.com\/?s={search_term_string}"},"query-input":{"@type":"PropertyValueSpecification","valueRequired":true,"valueName":"search_term_string"}}],"inLanguage":"en-US"},{"@type":"Organization","@id":"https:\/\/www.buceonorte.com\/#organization","name":"Buceo Norte Gran Canaria","alternateName":"Buceo Norte","url":"https:\/\/www.buceonorte.com\/","logo":{"@type":"ImageObject","inLanguage":"en-US","@id":"https:\/\/www.buceonorte.com\/#\/schema\/logo\/image\/","url":"https:\/\/www.buceonorte.com\/website\/wp-content\/uploads\/buceo_norte_ssi_scuba.png","contentUrl":"https:\/\/www.buceonorte.com\/website\/wp-content\/uploads\/buceo_norte_ssi_scuba.png","width":400,"height":107,"caption":"Buceo Norte Gran Canaria"},"image":{"@id":"https:\/\/www.buceonorte.com\/#\/schema\/logo\/image\/"},"sameAs":["https:\/\/www.facebook.com\/buceonorte\/","https:\/\/www.instagram.com\/buceonortedivecenter","https:\/\/www.youtube.com\/channel\/UCznPuPsOsiSeLPbdX-vAxXw"]},{"@type":"Person","@id":"https:\/\/www.buceonorte.com\/#\/schema\/person\/3b89c37c961e732f983158cf490ea6f0","name":"buceo"}]}},"_links":{"self":[{"href":"https:\/\/www.buceonorte.com\/en\/wp-json\/wp\/v2\/posts\/2874","targetHints":{"allow":["GET"]}}],"collection":[{"href":"https:\/\/www.buceonorte.com\/en\/wp-json\/wp\/v2\/posts"}],"about":[{"href":"https:\/\/www.buceonorte.com\/en\/wp-json\/wp\/v2\/types\/post"}],"author":[{"embeddable":true,"href":"https:\/\/www.buceonorte.com\/en\/wp-json\/wp\/v2\/users\/1"}],"replies":[{"embeddable":true,"href":"https:\/\/www.buceonorte.com\/en\/wp-json\/wp\/v2\/comments?post=2874"}],"version-history":[{"count":12,"href":"https:\/\/www.buceonorte.com\/en\/wp-json\/wp\/v2\/posts\/2874\/revisions"}],"predecessor-version":[{"id":2888,"href":"https:\/\/www.buceonorte.com\/en\/wp-json\/wp\/v2\/posts\/2874\/revisions\/2888"}],"wp:featuredmedia":[{"embeddable":true,"href":"https:\/\/www.buceonorte.com\/en\/wp-json\/wp\/v2\/media\/2881"}],"wp:attachment":[{"href":"https:\/\/www.buceonorte.com\/en\/wp-json\/wp\/v2\/media?parent=2874"}],"wp:term":[{"taxonomy":"category","embeddable":true,"href":"https:\/\/www.buceonorte.com\/en\/wp-json\/wp\/v2\/categories?post=2874"},{"taxonomy":"post_tag","embeddable":true,"href":"https:\/\/www.buceonorte.com\/en\/wp-json\/wp\/v2\/tags?post=2874"}],"curies":[{"name":"wp","href":"https:\/\/api.w.org\/{rel}","templated":true}]}}