{"id":2819,"date":"2020-06-07T13:32:23","date_gmt":"2020-06-07T12:32:23","guid":{"rendered":"https:\/\/www.buceonorte.com\/?p=2819"},"modified":"2020-07-06T12:50:00","modified_gmt":"2020-07-06T11:50:00","slug":"celebramos-el-dia-mundial-de-los-oceanos","status":"publish","type":"post","link":"https:\/\/www.buceonorte.com\/en\/we-celebrate-world-oceans-day\/","title":{"rendered":"We celebrate World Oceans Day"},"content":{"rendered":"<p>As every year, June 8th is World Oceans Day. This day is very special for us because it reminds us how important the sea is for our health. As a diving center and lovers, our daily mission is to transmit the natural values of our oceans through training and conservation.<\/p>\n<h2>We reward your commitment to the ocean<\/h2>\n<p>This year we propose to make our commitment visible and reward you with a small gift.<\/p>\n<h4>And the winner was Angel!! Thank you very much for participating!! \ud83d\ude00<\/h4>\n<h2><a href=\"https:\/\/www.buceonorte.com\/en\/suscripcion-buceo-norte\/\"><img loading=\"lazy\" decoding=\"async\" class=\"alignnone size-large wp-image-3390\" src=\"https:\/\/www.buceonorte.com\/website\/wp-content\/uploads\/ganador-dia-de-los-oceanos-buceo-1024x636.jpg\" alt=\"winner of diving bag\" width=\"1024\" height=\"636\" srcset=\"https:\/\/www.buceonorte.com\/website\/wp-content\/uploads\/ganador-dia-de-los-oceanos-buceo-1024x636.jpg 1024w, https:\/\/www.buceonorte.com\/website\/wp-content\/uploads\/ganador-dia-de-los-oceanos-buceo-300x186.jpg 300w, https:\/\/www.buceonorte.com\/website\/wp-content\/uploads\/ganador-dia-de-los-oceanos-buceo-150x93.jpg 150w, https:\/\/www.buceonorte.com\/website\/wp-content\/uploads\/ganador-dia-de-los-oceanos-buceo-768x477.jpg 768w, https:\/\/www.buceonorte.com\/website\/wp-content\/uploads\/ganador-dia-de-los-oceanos-buceo.jpg 1200w\" sizes=\"auto, (max-width: 1024px) 100vw, 1024px\" \/><img loading=\"lazy\" decoding=\"async\" class=\"alignnone wp-image-2841 size-large\" src=\"https:\/\/www.buceonorte.com\/website\/wp-content\/uploads\/bolsa_recuperacion_2-1024x438.jpg\" alt=\"world oceans day\" width=\"1024\" height=\"438\" srcset=\"https:\/\/www.buceonorte.com\/website\/wp-content\/uploads\/bolsa_recuperacion_2-1024x438.jpg 1024w, https:\/\/www.buceonorte.com\/website\/wp-content\/uploads\/bolsa_recuperacion_2-300x128.jpg 300w, https:\/\/www.buceonorte.com\/website\/wp-content\/uploads\/bolsa_recuperacion_2-150x64.jpg 150w, https:\/\/www.buceonorte.com\/website\/wp-content\/uploads\/bolsa_recuperacion_2-768x328.jpg 768w, https:\/\/www.buceonorte.com\/website\/wp-content\/uploads\/bolsa_recuperacion_2.jpg 1200w\" sizes=\"auto, (max-width: 1024px) 100vw, 1024px\" \/><\/a><\/h2>\n<h2>We are giving away 2 recovery bags for diving<\/h2>\n<p>If you want to participate and share your commitment to the ocean, just:<\/p>\n<h4>1 \u2022 Subscribe to our blog <a class=\"nectar-button n-sc-button large accent-color regular-button\"  href=\"\/en\/suscripcion-buceo-norte\/\" data-color-override=\"#c4c4c4\" data-hover-color-override=\"false\" data-hover-text-color-override=\"#fff\"><span>Subscribe<\/span><\/a><\/h4>\n<h4>2 \u2022 Share an image (photo or video) on Facebook or Instagram with the hashtag #buceoconsciente<\/h4>\n<p>&nbsp;<\/p>\n<p><strong>Theme of the images<br \/>\n<\/strong>You can share any kind of image that shows your commitment to our oceans. It can be collecting plastic or trash from a beach, removing lead or waste from the bottom of the sea or a photo doing anything you can think of to show your love for the coast and the ocean that bathes our island. You can share images that you have already taken some time ago or images taken now.<\/p>\n<p><strong>Dates<\/strong><br \/>\nAll subscribers to the blog who have shared an image with the hashtag on a social network will be entered into the draw. <strong>#conscious diving between June 8 and 21, 2020<\/strong>The draw will be held on June 22, 2020 and will be communicated via email.<\/p>\n<p><img loading=\"lazy\" decoding=\"async\" class=\"alignnone size-large\" src=\"https:\/\/unworldoceansday.org\/sites\/default\/files\/2018-06\/1528336781.jpg\" width=\"1000\" height=\"385\" \/><\/p>\n<h1>Why World Oceans Day?<\/h1>\n<p>Because we must remember that the oceans are part of our lives even if we live many kilometres away. The oceans are the true lungs of the planet where the greatest amount of oxygen is released. That is why it is necessary to carry out awareness-raising work to help understand the power of our seas, the beauty of their ecosystem and the source of wealth for our society.<\/p>\n<h2>Theme of 2020<\/h2>\n<p>Every year the United Nations General Assembly sets a general theme around which the great event of World Oceans Day revolves. This year it is:<\/p>\n<h3>Innovation for a sustainable ocean<\/h3>\n<p>As the challenges facing the ocean continue to grow, so does the need for innovative solutions through people to drive them. Innovation, relating to the introduction of new methods, ideas or products, is a dynamic and fundamentally hopeful term.<\/p>\n<p>At Buceo Norte we support any initiative that promotes ocean conservation and we strive every day to incorporate new outreach tools that help us in our daily work.<\/p>\n<p>&nbsp;<\/p>\n<p>Visit the official website of <a href=\"https:\/\/unworldoceansday.org\/es\">World Oceans Day<\/a><\/p>","protected":false},"excerpt":{"rendered":"<p>Como cada a\u00f1o el 8 de junio se celebra el d\u00eda mundial de los oc\u00e9anos. Este d\u00eda es muy especial para nosotros porque nos recuerda lo importante que es el mar para nuestra salud. Como centro y amantes del buceo nuestra misi\u00f3n diaria es transmitir los valores naturales de nuestros&#8230;<\/p>","protected":false},"author":1,"featured_media":2851,"comment_status":"open","ping_status":"open","sticky":false,"template":"","format":"standard","meta":{"content-type":"","footnotes":""},"categories":[27],"tags":[32,33],"class_list":{"0":"post-2819","1":"post","2":"type-post","3":"status-publish","4":"format-standard","5":"has-post-thumbnail","7":"category-ecologia","8":"tag-buceo-consciente","9":"tag-medio-ambiente"},"yoast_head":"<!-- This site is optimized with the Yoast SEO plugin v23.4 - https:\/\/yoast.com\/wordpress\/plugins\/seo\/ -->\n<title>Celebramos el d\u00eda Mundial de los Oc\u00e9anos<\/title>\n<meta name=\"description\" content=\"En el D\u00eda Mundial de los Oc\u00e9anos y como centro de buceo nuestra misi\u00f3n diaria es transmitir los valor natural de nuestros oc\u00e9anos a trav\u00e9s de la formaci\u00f3n y la conservaci\u00f3n.\" \/>\n<meta name=\"robots\" content=\"index, follow, max-snippet:-1, max-image-preview:large, max-video-preview:-1\" \/>\n<link rel=\"canonical\" href=\"https:\/\/www.buceonorte.com\/en\/we-celebrate-world-oceans-day\/\" \/>\n<meta property=\"og:locale\" content=\"en_US\" \/>\n<meta property=\"og:type\" content=\"article\" \/>\n<meta property=\"og:title\" content=\"Celebra con nosotros el D\u00eda Mundial de los Oc\u00e9anos\" \/>\n<meta property=\"og:description\" content=\"Sortemos 2 bolsas de recuperaci\u00f3n para buceo\" \/>\n<meta property=\"og:url\" content=\"https:\/\/www.buceonorte.com\/en\/we-celebrate-world-oceans-day\/\" \/>\n<meta property=\"og:site_name\" content=\"Buceo Norte Gran Canaria\" \/>\n<meta property=\"article:publisher\" content=\"https:\/\/www.facebook.com\/buceonorte\/\" \/>\n<meta property=\"article:published_time\" content=\"2020-06-07T12:32:23+00:00\" \/>\n<meta property=\"article:modified_time\" content=\"2020-07-06T11:50:00+00:00\" \/>\n<meta property=\"og:image\" content=\"https:\/\/www.buceonorte.com\/website\/wp-content\/uploads\/portada_face-1.jpg\" \/>\n\t<meta property=\"og:image:width\" content=\"1323\" \/>\n\t<meta property=\"og:image:height\" content=\"773\" \/>\n\t<meta property=\"og:image:type\" content=\"image\/jpeg\" \/>\n<meta name=\"author\" content=\"buceo\" \/>\n<meta name=\"twitter:card\" content=\"summary_large_image\" \/>\n<meta name=\"twitter:label1\" content=\"Written by\" \/>\n\t<meta name=\"twitter:data1\" content=\"buceo\" \/>\n\t<meta name=\"twitter:label2\" content=\"Est. reading time\" \/>\n\t<meta name=\"twitter:data2\" content=\"3 minutes\" \/>\n<script type=\"application\/ld+json\" class=\"yoast-schema-graph\">{\"@context\":\"https:\/\/schema.org\",\"@graph\":[{\"@type\":\"Article\",\"@id\":\"https:\/\/www.buceonorte.com\/celebramos-el-dia-mundial-de-los-oceanos\/#article\",\"isPartOf\":{\"@id\":\"https:\/\/www.buceonorte.com\/celebramos-el-dia-mundial-de-los-oceanos\/\"},\"author\":{\"name\":\"buceo\",\"@id\":\"https:\/\/www.buceonorte.com\/#\/schema\/person\/3b89c37c961e732f983158cf490ea6f0\"},\"headline\":\"Celebramos el d\u00eda Mundial de los Oc\u00e9anos\",\"datePublished\":\"2020-06-07T12:32:23+00:00\",\"dateModified\":\"2020-07-06T11:50:00+00:00\",\"mainEntityOfPage\":{\"@id\":\"https:\/\/www.buceonorte.com\/celebramos-el-dia-mundial-de-los-oceanos\/\"},\"wordCount\":529,\"commentCount\":0,\"publisher\":{\"@id\":\"https:\/\/www.buceonorte.com\/#organization\"},\"image\":{\"@id\":\"https:\/\/www.buceonorte.com\/celebramos-el-dia-mundial-de-los-oceanos\/#primaryimage\"},\"thumbnailUrl\":\"https:\/\/www.buceonorte.com\/website\/wp-content\/uploads\/dia_mundial_oceanos.jpg\",\"keywords\":[\"buceo consciente\",\"medio ambiente\"],\"articleSection\":[\"ecologia\"],\"inLanguage\":\"en-US\",\"potentialAction\":[{\"@type\":\"CommentAction\",\"name\":\"Comment\",\"target\":[\"https:\/\/www.buceonorte.com\/celebramos-el-dia-mundial-de-los-oceanos\/#respond\"]}]},{\"@type\":\"WebPage\",\"@id\":\"https:\/\/www.buceonorte.com\/celebramos-el-dia-mundial-de-los-oceanos\/\",\"url\":\"https:\/\/www.buceonorte.com\/celebramos-el-dia-mundial-de-los-oceanos\/\",\"name\":\"Celebramos el d\u00eda Mundial de los Oc\u00e9anos\",\"isPartOf\":{\"@id\":\"https:\/\/www.buceonorte.com\/#website\"},\"primaryImageOfPage\":{\"@id\":\"https:\/\/www.buceonorte.com\/celebramos-el-dia-mundial-de-los-oceanos\/#primaryimage\"},\"image\":{\"@id\":\"https:\/\/www.buceonorte.com\/celebramos-el-dia-mundial-de-los-oceanos\/#primaryimage\"},\"thumbnailUrl\":\"https:\/\/www.buceonorte.com\/website\/wp-content\/uploads\/dia_mundial_oceanos.jpg\",\"datePublished\":\"2020-06-07T12:32:23+00:00\",\"dateModified\":\"2020-07-06T11:50:00+00:00\",\"description\":\"En el D\u00eda Mundial de los Oc\u00e9anos y como centro de buceo nuestra misi\u00f3n diaria es transmitir los valor natural de nuestros oc\u00e9anos a trav\u00e9s de la formaci\u00f3n y la conservaci\u00f3n.\",\"breadcrumb\":{\"@id\":\"https:\/\/www.buceonorte.com\/celebramos-el-dia-mundial-de-los-oceanos\/#breadcrumb\"},\"inLanguage\":\"en-US\",\"potentialAction\":[{\"@type\":\"ReadAction\",\"target\":[\"https:\/\/www.buceonorte.com\/celebramos-el-dia-mundial-de-los-oceanos\/\"]}]},{\"@type\":\"ImageObject\",\"inLanguage\":\"en-US\",\"@id\":\"https:\/\/www.buceonorte.com\/celebramos-el-dia-mundial-de-los-oceanos\/#primaryimage\",\"url\":\"https:\/\/www.buceonorte.com\/website\/wp-content\/uploads\/dia_mundial_oceanos.jpg\",\"contentUrl\":\"https:\/\/www.buceonorte.com\/website\/wp-content\/uploads\/dia_mundial_oceanos.jpg\",\"width\":1300,\"height\":975,\"caption\":\"D\u00eda Mundial de los Oc\u00e9anos\"},{\"@type\":\"BreadcrumbList\",\"@id\":\"https:\/\/www.buceonorte.com\/celebramos-el-dia-mundial-de-los-oceanos\/#breadcrumb\",\"itemListElement\":[{\"@type\":\"ListItem\",\"position\":1,\"name\":\"Portada\",\"item\":\"https:\/\/www.buceonorte.com\/\"},{\"@type\":\"ListItem\",\"position\":2,\"name\":\"Celebramos el d\u00eda Mundial de los Oc\u00e9anos\"}]},{\"@type\":\"WebSite\",\"@id\":\"https:\/\/www.buceonorte.com\/#website\",\"url\":\"https:\/\/www.buceonorte.com\/\",\"name\":\"Buceo Norte Gran Canaria\",\"description\":\"El mejor centro de buceo en Gran Canaria\",\"publisher\":{\"@id\":\"https:\/\/www.buceonorte.com\/#organization\"},\"alternateName\":\"Buceo Norte\",\"potentialAction\":[{\"@type\":\"SearchAction\",\"target\":{\"@type\":\"EntryPoint\",\"urlTemplate\":\"https:\/\/www.buceonorte.com\/?s={search_term_string}\"},\"query-input\":{\"@type\":\"PropertyValueSpecification\",\"valueRequired\":true,\"valueName\":\"search_term_string\"}}],\"inLanguage\":\"en-US\"},{\"@type\":\"Organization\",\"@id\":\"https:\/\/www.buceonorte.com\/#organization\",\"name\":\"Buceo Norte Gran Canaria\",\"alternateName\":\"Buceo Norte\",\"url\":\"https:\/\/www.buceonorte.com\/\",\"logo\":{\"@type\":\"ImageObject\",\"inLanguage\":\"en-US\",\"@id\":\"https:\/\/www.buceonorte.com\/#\/schema\/logo\/image\/\",\"url\":\"https:\/\/www.buceonorte.com\/website\/wp-content\/uploads\/buceo_norte_ssi_scuba.png\",\"contentUrl\":\"https:\/\/www.buceonorte.com\/website\/wp-content\/uploads\/buceo_norte_ssi_scuba.png\",\"width\":400,\"height\":107,\"caption\":\"Buceo Norte Gran Canaria\"},\"image\":{\"@id\":\"https:\/\/www.buceonorte.com\/#\/schema\/logo\/image\/\"},\"sameAs\":[\"https:\/\/www.facebook.com\/buceonorte\/\",\"https:\/\/www.instagram.com\/buceonortedivecenter\",\"https:\/\/www.youtube.com\/channel\/UCznPuPsOsiSeLPbdX-vAxXw\"]},{\"@type\":\"Person\",\"@id\":\"https:\/\/www.buceonorte.com\/#\/schema\/person\/3b89c37c961e732f983158cf490ea6f0\",\"name\":\"buceo\"}]}<\/script>\n<!-- \/ Yoast SEO plugin. -->","yoast_head_json":{"title":"Celebramos el d\u00eda Mundial de los Oc\u00e9anos","description":"En el D\u00eda Mundial de los Oc\u00e9anos y como centro de buceo nuestra misi\u00f3n diaria es transmitir los valor natural de nuestros oc\u00e9anos a trav\u00e9s de la formaci\u00f3n y la conservaci\u00f3n.","robots":{"index":"index","follow":"follow","max-snippet":"max-snippet:-1","max-image-preview":"max-image-preview:large","max-video-preview":"max-video-preview:-1"},"canonical":"https:\/\/www.buceonorte.com\/en\/we-celebrate-world-oceans-day\/","og_locale":"en_US","og_type":"article","og_title":"Celebra con nosotros el D\u00eda Mundial de los Oc\u00e9anos","og_description":"Sortemos 2 bolsas de recuperaci\u00f3n para buceo","og_url":"https:\/\/www.buceonorte.com\/en\/we-celebrate-world-oceans-day\/","og_site_name":"Buceo Norte Gran Canaria","article_publisher":"https:\/\/www.facebook.com\/buceonorte\/","article_published_time":"2020-06-07T12:32:23+00:00","article_modified_time":"2020-07-06T11:50:00+00:00","og_image":[{"width":1323,"height":773,"url":"https:\/\/www.buceonorte.com\/website\/wp-content\/uploads\/portada_face-1.jpg","type":"image\/jpeg"}],"author":"buceo","twitter_card":"summary_large_image","twitter_misc":{"Written by":"buceo","Est. reading time":"3 minutes"},"schema":{"@context":"https:\/\/schema.org","@graph":[{"@type":"Article","@id":"https:\/\/www.buceonorte.com\/celebramos-el-dia-mundial-de-los-oceanos\/#article","isPartOf":{"@id":"https:\/\/www.buceonorte.com\/celebramos-el-dia-mundial-de-los-oceanos\/"},"author":{"name":"buceo","@id":"https:\/\/www.buceonorte.com\/#\/schema\/person\/3b89c37c961e732f983158cf490ea6f0"},"headline":"Celebramos el d\u00eda Mundial de los Oc\u00e9anos","datePublished":"2020-06-07T12:32:23+00:00","dateModified":"2020-07-06T11:50:00+00:00","mainEntityOfPage":{"@id":"https:\/\/www.buceonorte.com\/celebramos-el-dia-mundial-de-los-oceanos\/"},"wordCount":529,"commentCount":0,"publisher":{"@id":"https:\/\/www.buceonorte.com\/#organization"},"image":{"@id":"https:\/\/www.buceonorte.com\/celebramos-el-dia-mundial-de-los-oceanos\/#primaryimage"},"thumbnailUrl":"https:\/\/www.buceonorte.com\/website\/wp-content\/uploads\/dia_mundial_oceanos.jpg","keywords":["buceo consciente","medio ambiente"],"articleSection":["ecologia"],"inLanguage":"en-US","potentialAction":[{"@type":"CommentAction","name":"Comment","target":["https:\/\/www.buceonorte.com\/celebramos-el-dia-mundial-de-los-oceanos\/#respond"]}]},{"@type":"WebPage","@id":"https:\/\/www.buceonorte.com\/celebramos-el-dia-mundial-de-los-oceanos\/","url":"https:\/\/www.buceonorte.com\/celebramos-el-dia-mundial-de-los-oceanos\/","name":"Celebramos el d\u00eda Mundial de los Oc\u00e9anos","isPartOf":{"@id":"https:\/\/www.buceonorte.com\/#website"},"primaryImageOfPage":{"@id":"https:\/\/www.buceonorte.com\/celebramos-el-dia-mundial-de-los-oceanos\/#primaryimage"},"image":{"@id":"https:\/\/www.buceonorte.com\/celebramos-el-dia-mundial-de-los-oceanos\/#primaryimage"},"thumbnailUrl":"https:\/\/www.buceonorte.com\/website\/wp-content\/uploads\/dia_mundial_oceanos.jpg","datePublished":"2020-06-07T12:32:23+00:00","dateModified":"2020-07-06T11:50:00+00:00","description":"En el D\u00eda Mundial de los Oc\u00e9anos y como centro de buceo nuestra misi\u00f3n diaria es transmitir los valor natural de nuestros oc\u00e9anos a trav\u00e9s de la formaci\u00f3n y la conservaci\u00f3n.","breadcrumb":{"@id":"https:\/\/www.buceonorte.com\/celebramos-el-dia-mundial-de-los-oceanos\/#breadcrumb"},"inLanguage":"en-US","potentialAction":[{"@type":"ReadAction","target":["https:\/\/www.buceonorte.com\/celebramos-el-dia-mundial-de-los-oceanos\/"]}]},{"@type":"ImageObject","inLanguage":"en-US","@id":"https:\/\/www.buceonorte.com\/celebramos-el-dia-mundial-de-los-oceanos\/#primaryimage","url":"https:\/\/www.buceonorte.com\/website\/wp-content\/uploads\/dia_mundial_oceanos.jpg","contentUrl":"https:\/\/www.buceonorte.com\/website\/wp-content\/uploads\/dia_mundial_oceanos.jpg","width":1300,"height":975,"caption":"D\u00eda Mundial de los Oc\u00e9anos"},{"@type":"BreadcrumbList","@id":"https:\/\/www.buceonorte.com\/celebramos-el-dia-mundial-de-los-oceanos\/#breadcrumb","itemListElement":[{"@type":"ListItem","position":1,"name":"Portada","item":"https:\/\/www.buceonorte.com\/"},{"@type":"ListItem","position":2,"name":"Celebramos el d\u00eda Mundial de los Oc\u00e9anos"}]},{"@type":"WebSite","@id":"https:\/\/www.buceonorte.com\/#website","url":"https:\/\/www.buceonorte.com\/","name":"Buceo Norte Gran Canaria","description":"El mejor centro de buceo en Gran Canaria","publisher":{"@id":"https:\/\/www.buceonorte.com\/#organization"},"alternateName":"Buceo Norte","potentialAction":[{"@type":"SearchAction","target":{"@type":"EntryPoint","urlTemplate":"https:\/\/www.buceonorte.com\/?s={search_term_string}"},"query-input":{"@type":"PropertyValueSpecification","valueRequired":true,"valueName":"search_term_string"}}],"inLanguage":"en-US"},{"@type":"Organization","@id":"https:\/\/www.buceonorte.com\/#organization","name":"Buceo Norte Gran Canaria","alternateName":"Buceo Norte","url":"https:\/\/www.buceonorte.com\/","logo":{"@type":"ImageObject","inLanguage":"en-US","@id":"https:\/\/www.buceonorte.com\/#\/schema\/logo\/image\/","url":"https:\/\/www.buceonorte.com\/website\/wp-content\/uploads\/buceo_norte_ssi_scuba.png","contentUrl":"https:\/\/www.buceonorte.com\/website\/wp-content\/uploads\/buceo_norte_ssi_scuba.png","width":400,"height":107,"caption":"Buceo Norte Gran Canaria"},"image":{"@id":"https:\/\/www.buceonorte.com\/#\/schema\/logo\/image\/"},"sameAs":["https:\/\/www.facebook.com\/buceonorte\/","https:\/\/www.instagram.com\/buceonortedivecenter","https:\/\/www.youtube.com\/channel\/UCznPuPsOsiSeLPbdX-vAxXw"]},{"@type":"Person","@id":"https:\/\/www.buceonorte.com\/#\/schema\/person\/3b89c37c961e732f983158cf490ea6f0","name":"buceo"}]}},"_links":{"self":[{"href":"https:\/\/www.buceonorte.com\/en\/wp-json\/wp\/v2\/posts\/2819","targetHints":{"allow":["GET"]}}],"collection":[{"href":"https:\/\/www.buceonorte.com\/en\/wp-json\/wp\/v2\/posts"}],"about":[{"href":"https:\/\/www.buceonorte.com\/en\/wp-json\/wp\/v2\/types\/post"}],"author":[{"embeddable":true,"href":"https:\/\/www.buceonorte.com\/en\/wp-json\/wp\/v2\/users\/1"}],"replies":[{"embeddable":true,"href":"https:\/\/www.buceonorte.com\/en\/wp-json\/wp\/v2\/comments?post=2819"}],"version-history":[{"count":41,"href":"https:\/\/www.buceonorte.com\/en\/wp-json\/wp\/v2\/posts\/2819\/revisions"}],"predecessor-version":[{"id":3391,"href":"https:\/\/www.buceonorte.com\/en\/wp-json\/wp\/v2\/posts\/2819\/revisions\/3391"}],"wp:featuredmedia":[{"embeddable":true,"href":"https:\/\/www.buceonorte.com\/en\/wp-json\/wp\/v2\/media\/2851"}],"wp:attachment":[{"href":"https:\/\/www.buceonorte.com\/en\/wp-json\/wp\/v2\/media?parent=2819"}],"wp:term":[{"taxonomy":"category","embeddable":true,"href":"https:\/\/www.buceonorte.com\/en\/wp-json\/wp\/v2\/categories?post=2819"},{"taxonomy":"post_tag","embeddable":true,"href":"https:\/\/www.buceonorte.com\/en\/wp-json\/wp\/v2\/tags?post=2819"}],"curies":[{"name":"wp","href":"https:\/\/api.w.org\/{rel}","templated":true}]}}